{"id":97163,"date":"2019-08-30T16:26:32","date_gmt":"2019-08-30T15:26:32","guid":{"rendered":"https:\/\/robindesbois.org\/?p=97163"},"modified":"2024-12-02T15:16:22","modified_gmt":"2024-12-02T14:16:22","slug":"notre-dame-communique-n7","status":"publish","type":"post","link":"https:\/\/robindesbois.org\/en\/notre-dame-communique-n7\/","title":{"rendered":"Notre-Dame de Paris, press release n\u00b07"},"content":{"rendered":"<p>Notre-Dame de Paris, press release n\u00b07<\/p>\n<p>According to information we just received, the special needs education division (Section d\u2019Enseignement G\u00e9n\u00e9ral et Professionnel Adapt\u00e9, SEGPA) of the Jacques Pr\u00e9vert secondary school, on the rue du Pont de Lodi (Paris, 6th district), will not reopen due to lead contamination. The 30 pupils and the 11 teachers and educational support staff are transferred to the Jacques Pr\u00e9vert secondary school on the rue Saint-Beno\u00eet (6th district), which was decontaminated during the summer. The special needs education division is aimed at pupils with \u201cserious and lasting learning difficulties\u201d that follow an individualised educational background.<\/p>\n<p><a href=\"https:\/\/robindesbois.org\/en\/notre-dame-de-paris-publication\/\" target=\"_blank\" rel=\"noopener\"><strong>Link to Robin des Bois&#8217; publications on the Notre-Dame de Paris fire.<\/strong><\/a><\/p>\n<p>&nbsp;<\/p>\n<p>&nbsp;<\/p>\n<p>&nbsp;<\/p>","protected":false},"excerpt":{"rendered":"<p>Notre-Dame de Paris, press release n\u00b07 According to information we just received, the special needs education division (Section d\u2019Enseignement G\u00e9n\u00e9ral et Professionnel Adapt\u00e9, SEGPA) of the Jacques Pr\u00e9vert secondary school, on the rue du Pont de Lodi (Paris, 6th district), will not reopen due to lead contamination. The 30 pupils and the 11 teachers and educational support staff are transferred to the Jacques Pr\u00e9vert secondary school on the rue Saint-Beno\u00eet (6th district), which was decontaminated during the summer. The special needs education division is aimed at pupils with \u201cserious and lasting learning difficulties\u201d that follow an individualised educational background. Link to Robin des Bois&#8217; publications on the Notre-Dame de Paris fire. &nbsp; &nbsp; &nbsp;<\/p>\n","protected":false},"author":2,"featured_media":0,"comment_status":"closed","ping_status":"closed","sticky":false,"template":"","format":"standard","meta":{"footnotes":""},"categories":[12],"tags":[],"class_list":["post-97163","post","type-post","status-publish","format-standard","hentry","category-sites-pollues"],"_links":{"self":[{"href":"https:\/\/robindesbois.org\/en\/wp-json\/wp\/v2\/posts\/97163","targetHints":{"allow":["GET"]}}],"collection":[{"href":"https:\/\/robindesbois.org\/en\/wp-json\/wp\/v2\/posts"}],"about":[{"href":"https:\/\/robindesbois.org\/en\/wp-json\/wp\/v2\/types\/post"}],"author":[{"embeddable":true,"href":"https:\/\/robindesbois.org\/en\/wp-json\/wp\/v2\/users\/2"}],"replies":[{"embeddable":true,"href":"https:\/\/robindesbois.org\/en\/wp-json\/wp\/v2\/comments?post=97163"}],"version-history":[{"count":2,"href":"https:\/\/robindesbois.org\/en\/wp-json\/wp\/v2\/posts\/97163\/revisions"}],"predecessor-version":[{"id":110833,"href":"https:\/\/robindesbois.org\/en\/wp-json\/wp\/v2\/posts\/97163\/revisions\/110833"}],"wp:attachment":[{"href":"https:\/\/robindesbois.org\/en\/wp-json\/wp\/v2\/media?parent=97163"}],"wp:term":[{"taxonomy":"category","embeddable":true,"href":"https:\/\/robindesbois.org\/en\/wp-json\/wp\/v2\/categories?post=97163"},{"taxonomy":"post_tag","embeddable":true,"href":"https:\/\/robindesbois.org\/en\/wp-json\/wp\/v2\/tags?post=97163"}],"curies":[{"name":"wp","href":"https:\/\/api.w.org\/{rel}","templated":true}]}}